{"id":128,"date":"2026-03-12T16:43:01","date_gmt":"2026-03-12T15:43:01","guid":{"rendered":"https:\/\/zeenas.de\/wordpress\/?p=128"},"modified":"2026-03-14T10:37:16","modified_gmt":"2026-03-14T09:37:16","slug":"2-759","status":"publish","type":"post","link":"https:\/\/zeenas.de\/wordpress\/2026\/03\/12\/2-759\/","title":{"rendered":"2.759"},"content":{"rendered":"\n<p>Stricken sollte eine antizyklische T\u00e4tigkeit sein, d. h. man strickt idealerweise im Sommer f\u00fcr den Winter und im Winter f\u00fcr den Sommer. Leider klappt das f\u00fcr mich nicht sehr. Aber ich habe mir vorgenommen, den Pullover<a href=\"https:\/\/www.ravelry.com\/projects\/Zeena1\/the-classic\"> &#8222;The Classic&#8220;<\/a> jetzt nicht bis zum Herbst wegzulegen, sondern brav daran weiter zu stricken. Es ist ja auch nicht mehr so viel, was fehlt:<\/p>\n\n\n\n<figure class=\"wp-block-image size-large\"><img loading=\"lazy\" decoding=\"async\" width=\"768\" height=\"1024\" src=\"https:\/\/zeenas.de\/wordpress\/wp-content\/uploads\/2026\/03\/1000285350-768x1024.jpg\" alt=\"\" class=\"wp-image-130\" srcset=\"https:\/\/zeenas.de\/wordpress\/wp-content\/uploads\/2026\/03\/1000285350-768x1024.jpg 768w, https:\/\/zeenas.de\/wordpress\/wp-content\/uploads\/2026\/03\/1000285350-225x300.jpg 225w, https:\/\/zeenas.de\/wordpress\/wp-content\/uploads\/2026\/03\/1000285350-1152x1536.jpg 1152w, https:\/\/zeenas.de\/wordpress\/wp-content\/uploads\/2026\/03\/1000285350-1536x2048.jpg 1536w, https:\/\/zeenas.de\/wordpress\/wp-content\/uploads\/2026\/03\/1000285350-scaled.jpg 1920w\" sizes=\"auto, (max-width: 768px) 100vw, 768px\" \/><\/figure>\n\n\n\n<p>Nach wie vor bin ich begeistert von der Idee, mehrere verschiedene Garne zusammen zu verstricken. Dies war die Ausgangssituation:<\/p>\n\n\n\n<figure class=\"wp-block-image size-large\"><img loading=\"lazy\" decoding=\"async\" width=\"1024\" height=\"768\" src=\"https:\/\/zeenas.de\/wordpress\/wp-content\/uploads\/2026\/03\/20250423_102352-1024x768.jpg\" alt=\"\" class=\"wp-image-132\" srcset=\"https:\/\/zeenas.de\/wordpress\/wp-content\/uploads\/2026\/03\/20250423_102352-1024x768.jpg 1024w, https:\/\/zeenas.de\/wordpress\/wp-content\/uploads\/2026\/03\/20250423_102352-300x225.jpg 300w, https:\/\/zeenas.de\/wordpress\/wp-content\/uploads\/2026\/03\/20250423_102352-768x576.jpg 768w, https:\/\/zeenas.de\/wordpress\/wp-content\/uploads\/2026\/03\/20250423_102352-1536x1152.jpg 1536w, https:\/\/zeenas.de\/wordpress\/wp-content\/uploads\/2026\/03\/20250423_102352.jpg 1600w\" sizes=\"auto, (max-width: 1024px) 100vw, 1024px\" \/><\/figure>\n\n\n\n<p>Und nat\u00fcrlich habe ich schon wieder Ideen f\u00fcr weitere Projekte. Eins davon m\u00f6chte ich euch <a href=\"https:\/\/zeenas.de\/wordpress\/2026\/03\/14\/2-757\/\">bald vorstellen<\/a>.<\/p>\n\n\n\n<p><\/p>\n","protected":false},"excerpt":{"rendered":"<p>Stricken sollte eine antizyklische T\u00e4tigkeit sein, d. h. man strickt idealerweise im Sommer f\u00fcr den Winter und im Winter f\u00fcr den Sommer. Leider klappt das f\u00fcr mich nicht sehr. Aber ich habe mir vorgenommen, den Pullover &#8222;The Classic&#8220; jetzt nicht bis zum Herbst wegzulegen, sondern brav daran weiter zu stricken. Es ist ja auch nicht [&hellip;]<\/p>\n","protected":false},"author":1,"featured_media":0,"comment_status":"open","ping_status":"open","sticky":false,"template":"","format":"standard","meta":{"_jetpack_memberships_contains_paid_content":false,"footnotes":""},"categories":[21,6],"tags":[53,52,54,40,15,51],"class_list":["post-128","post","type-post","status-publish","format-standard","hentry","category-gestrickt","category-wollvorrat-dezimieren","tag-fila-doro-la-doro","tag-fonty","tag-habu-textiles","tag-pullover","tag-ravelry","tag-the-classic"],"jetpack_featured_media_url":"","jetpack_sharing_enabled":true,"_links":{"self":[{"href":"https:\/\/zeenas.de\/wordpress\/wp-json\/wp\/v2\/posts\/128","targetHints":{"allow":["GET"]}}],"collection":[{"href":"https:\/\/zeenas.de\/wordpress\/wp-json\/wp\/v2\/posts"}],"about":[{"href":"https:\/\/zeenas.de\/wordpress\/wp-json\/wp\/v2\/types\/post"}],"author":[{"embeddable":true,"href":"https:\/\/zeenas.de\/wordpress\/wp-json\/wp\/v2\/users\/1"}],"replies":[{"embeddable":true,"href":"https:\/\/zeenas.de\/wordpress\/wp-json\/wp\/v2\/comments?post=128"}],"version-history":[{"count":5,"href":"https:\/\/zeenas.de\/wordpress\/wp-json\/wp\/v2\/posts\/128\/revisions"}],"predecessor-version":[{"id":152,"href":"https:\/\/zeenas.de\/wordpress\/wp-json\/wp\/v2\/posts\/128\/revisions\/152"}],"wp:attachment":[{"href":"https:\/\/zeenas.de\/wordpress\/wp-json\/wp\/v2\/media?parent=128"}],"wp:term":[{"taxonomy":"category","embeddable":true,"href":"https:\/\/zeenas.de\/wordpress\/wp-json\/wp\/v2\/categories?post=128"},{"taxonomy":"post_tag","embeddable":true,"href":"https:\/\/zeenas.de\/wordpress\/wp-json\/wp\/v2\/tags?post=128"}],"curies":[{"name":"wp","href":"https:\/\/api.w.org\/{rel}","templated":true}]}}