{"id":1458,"date":"2026-09-01T13:58:02","date_gmt":"2026-09-01T11:58:02","guid":{"rendered":"https:\/\/zeenas.de\/wordpress\/?p=1458"},"modified":"2026-09-01T13:58:03","modified_gmt":"2026-09-01T11:58:03","slug":"2-586-montagsstarter","status":"publish","type":"post","link":"https:\/\/zeenas.de\/wordpress\/2026\/09\/01\/2-586-montagsstarter\/","title":{"rendered":"2.586 &#8211; Montagsstarter"},"content":{"rendered":"\n<p class=\"wp-block-paragraph\">Langsam scheint es zur Tradition zu werden, dass ich den <a href=\"https:\/\/antetanni.com\/2026\/08\/31\/montagsstarter-36-26-antetanni-sagt-was\/\">Montagsstarter<\/a> immer erst am Dienstag beantworte. <\/p>\n\n\n\n<p class=\"wp-block-paragraph\">\u2776<strong>\u00a0Dass\u00a0<em><mark style=\"background-color:rgba(0, 0, 0, 0)\" class=\"has-inline-color has-accent-2-color\">sich Menschen r\u00fccksichtslos verhalten,<\/mark><\/em>\u00a0kann ich gar nicht leiden.<\/strong><\/p>\n\n\n\n<p class=\"wp-block-paragraph\">\u2777<strong>\u00a0Auf meinem Handy<\/strong>\u00a0<strong><em><mark style=\"background-color:rgba(0, 0, 0, 0)\" class=\"has-inline-color has-accent-2-color\">habe ich vieles, was mir wichtig ist, wie meine Kontaktliste, den Kalender, Zugriff auf meine Mails, aber nat\u00fcrlich spiele ich auf ihm auch oder nutze Sozial-Media-Kan\u00e4le.<\/mark><\/em><\/strong><\/p>\n\n\n\n<p class=\"wp-block-paragraph\">\u2778 <strong><em><mark style=\"background-color:rgba(0, 0, 0, 0)\" class=\"has-inline-color has-accent-2-color\">Wolle, Stoffe, K\u00fcchenhelfer, Kleidung, Schuhe, Handtaschen und Sachen wie Schrauben, Haken usw.<\/mark><\/em><\/strong> <strong>sind Sachen, die ich gerne horte.<\/strong><\/p>\n\n\n\n<p class=\"wp-block-paragraph\">\u2779 <strong><em><mark style=\"background-color:rgba(0, 0, 0, 0)\" class=\"has-inline-color has-accent-2-color\">Der Einbau der Beleuchtung in den Vitrinen<\/mark><\/em><\/strong> <strong>war kurz ein Aufreger am Wochenende<em><mark style=\"background-color:rgba(0, 0, 0, 0)\" class=\"has-inline-color has-accent-2-color\">, letztlich war es aber geschafft.<\/mark><\/em><\/strong><\/p>\n\n\n\n<p class=\"wp-block-paragraph\">\u277a<strong>\u00a0<em><mark style=\"background-color:rgba(0, 0, 0, 0)\" class=\"has-inline-color has-accent-2-color\">Dass\u00a0sich der Bundeskanzler Merz derma\u00dfen ungeschickt in der \u00d6ffentlichkeit \u00e4u\u00dfert, wie er es in dem Format &#8222;Am Tisch mit&#8230;&#8220; getan hat, <\/mark><\/em>kann ich kaum glauben.<\/strong> <strong><em><mark style=\"background-color:rgba(0, 0, 0, 0)\" class=\"has-inline-color has-accent-2-color\">Es ist kein Geheimnis, dass ich CSU-Mitglied bin, aber bei der n\u00e4chsten Bundestagswahl kann ich leider der Union keine Stimme geben. F\u00fcr alle, die sich selber informieren m\u00f6chten, hier ist die Sendung zu sehen:<\/mark><\/em><\/strong><\/p>\n\n\n\n<figure class=\"wp-block-embed is-type-video is-provider-youtube wp-block-embed-youtube wp-embed-aspect-16-9 wp-has-aspect-ratio\"><div class=\"wp-block-embed__wrapper\">\n<iframe loading=\"lazy\" title=\"Friedrich Merz am Tisch mit B\u00fcrgerinnen und B\u00fcrgern | RTL News\" width=\"500\" height=\"281\" src=\"https:\/\/www.youtube.com\/embed\/eGloBG6PAD4?feature=oembed\" frameborder=\"0\" allow=\"accelerometer; autoplay; clipboard-write; encrypted-media; gyroscope; picture-in-picture; web-share\" referrerpolicy=\"strict-origin-when-cross-origin\" allowfullscreen><\/iframe>\n<\/div><\/figure>\n\n\n\n<p class=\"wp-block-paragraph\">\u277b\u00a0<strong>Die Aussichten\u00a0<em><mark style=\"background-color:rgba(0, 0, 0, 0)\" class=\"has-inline-color has-accent-2-color\">diesen Monat sind f\u00fcr mich sehr gut, ich habe in der 39. Kalenderwoche Urlaub!<\/mark><\/em><\/strong><\/p>\n\n\n\n<p class=\"wp-block-paragraph\">\u277c\u00a0<strong>Im Kalender steht diese Woche<\/strong>\u00a0<strong><em><mark style=\"background-color:rgba(0, 0, 0, 0)\" class=\"has-inline-color has-accent-2-color\">Arbeit\u00a0<\/mark><\/em>und ich<\/strong>\u00a0<strong>habe\u00a0<em><mark style=\"background-color:rgba(0, 0, 0, 0)\" class=\"has-inline-color has-accent-2-color\">weiteres R\u00e4umen des sogenannten Bl\u00fcmchenzimmers (wenn es fertig ist, zeige ich es euch)<\/mark><\/em><\/strong> <strong>geplant. Au\u00dferdem freue <em><mark style=\"background-color:rgba(0, 0, 0, 0)\" class=\"has-inline-color has-accent-2-color\">ich mich\u00a0auf den Stricktreff am ersten Donnerstag eines Monats in Regensburg.<\/mark><\/em><\/strong><\/p>\n\n\n\n<p class=\"wp-block-paragraph\">Und nun gehe ich schauen, was andere zu den Satzfregmenten geschrieben haben. <\/p>\n","protected":false},"excerpt":{"rendered":"<p>Langsam scheint es zur Tradition zu werden, dass ich den Montagsstarter immer erst am Dienstag beantworte. \u2776\u00a0Dass\u00a0sich Menschen r\u00fccksichtslos verhalten,\u00a0kann ich gar nicht leiden. \u2777\u00a0Auf meinem Handy\u00a0habe ich vieles, was mir wichtig ist, wie meine Kontaktliste, den Kalender, Zugriff auf meine Mails, aber nat\u00fcrlich spiele ich auf ihm auch oder nutze Sozial-Media-Kan\u00e4le. \u2778 Wolle, Stoffe, [&hellip;]<\/p>\n","protected":false},"author":1,"featured_media":1448,"comment_status":"open","ping_status":"open","sticky":false,"template":"","format":"standard","meta":{"_jetpack_newsletter_access":"","_jetpack_dont_email_post_to_subs":false,"_jetpack_newsletter_tier_id":0,"_jetpack_memberships_contains_paywalled_content":false,"_jetpack_feature_clip_id":0,"_jetpack_memberships_contains_paid_content":false,"footnotes":"","jetpack_post_was_ever_published":false},"categories":[157],"tags":[],"class_list":["post-1458","post","type-post","status-publish","format-standard","has-post-thumbnail","hentry","category-montagsstarter"],"jetpack_sharing_enabled":true,"jetpack_featured_media_url":"https:\/\/zeenas.de\/wordpress\/wp-content\/uploads\/2026\/08\/Montagsstarter-260817.jpg","_links":{"self":[{"href":"https:\/\/zeenas.de\/wordpress\/wp-json\/wp\/v2\/posts\/1458","targetHints":{"allow":["GET"]}}],"collection":[{"href":"https:\/\/zeenas.de\/wordpress\/wp-json\/wp\/v2\/posts"}],"about":[{"href":"https:\/\/zeenas.de\/wordpress\/wp-json\/wp\/v2\/types\/post"}],"author":[{"embeddable":true,"href":"https:\/\/zeenas.de\/wordpress\/wp-json\/wp\/v2\/users\/1"}],"replies":[{"embeddable":true,"href":"https:\/\/zeenas.de\/wordpress\/wp-json\/wp\/v2\/comments?post=1458"}],"version-history":[{"count":2,"href":"https:\/\/zeenas.de\/wordpress\/wp-json\/wp\/v2\/posts\/1458\/revisions"}],"predecessor-version":[{"id":1460,"href":"https:\/\/zeenas.de\/wordpress\/wp-json\/wp\/v2\/posts\/1458\/revisions\/1460"}],"wp:featuredmedia":[{"embeddable":true,"href":"https:\/\/zeenas.de\/wordpress\/wp-json\/wp\/v2\/media\/1448"}],"wp:attachment":[{"href":"https:\/\/zeenas.de\/wordpress\/wp-json\/wp\/v2\/media?parent=1458"}],"wp:term":[{"taxonomy":"category","embeddable":true,"href":"https:\/\/zeenas.de\/wordpress\/wp-json\/wp\/v2\/categories?post=1458"},{"taxonomy":"post_tag","embeddable":true,"href":"https:\/\/zeenas.de\/wordpress\/wp-json\/wp\/v2\/tags?post=1458"}],"curies":[{"name":"wp","href":"https:\/\/api.w.org\/{rel}","templated":true}]}}