{"id":255,"date":"2026-03-24T13:41:00","date_gmt":"2026-03-24T12:41:00","guid":{"rendered":"https:\/\/zeenas.de\/wordpress\/?p=255"},"modified":"2026-03-24T13:41:00","modified_gmt":"2026-03-24T12:41:00","slug":"2-747","status":"publish","type":"post","link":"https:\/\/zeenas.de\/wordpress\/2026\/03\/24\/2-747\/","title":{"rendered":"2.747"},"content":{"rendered":"\n<p>Das Fr\u00fchjahr kommt unaufh\u00f6rlich n\u00e4her, also wird es h\u00f6chste Zeit, mit einem Fr\u00fchlings-Sommer-J\u00e4ckchen zu beginnen. Auf dem Plan habe ich es bereits seit letztem Jahr &#8211; es soll die <a href=\"https:\/\/www.ravelry.com\/patterns\/library\/-41-jacke-setapura\">Jacke 41 Setapura von Lana Grossa<\/a> werden. <\/p>\n\n\n\n<figure class=\"wp-block-image size-full\"><img loading=\"lazy\" decoding=\"async\" width=\"600\" height=\"800\" src=\"https:\/\/zeenas.de\/wordpress\/wp-content\/uploads\/2026\/03\/upload.jpg\" alt=\"\" class=\"wp-image-256\" srcset=\"https:\/\/zeenas.de\/wordpress\/wp-content\/uploads\/2026\/03\/upload.jpg 600w, https:\/\/zeenas.de\/wordpress\/wp-content\/uploads\/2026\/03\/upload-225x300.jpg 225w\" sizes=\"auto, (max-width: 600px) 100vw, 600px\" \/><\/figure>\n\n\n\n<p>Ich stricke sie aus dem <a href=\"https:\/\/www.lana-grossa.de\/garne\/detail\/setapura\/1314\/\">Originalgarn Setapura<\/a>, ein Garn aus reiner Seide mit einer tollen Haptik und einem matten Aussehen. F\u00fcr mich habe ich mir die Farbe 22 t\u00fcrkis ausgesucht:<\/p>\n\n\n\n<figure class=\"wp-block-image size-full\"><img loading=\"lazy\" decoding=\"async\" width=\"910\" height=\"804\" src=\"https:\/\/zeenas.de\/wordpress\/wp-content\/uploads\/2026\/03\/Setapura.jpg\" alt=\"\" class=\"wp-image-257\" srcset=\"https:\/\/zeenas.de\/wordpress\/wp-content\/uploads\/2026\/03\/Setapura.jpg 910w, https:\/\/zeenas.de\/wordpress\/wp-content\/uploads\/2026\/03\/Setapura-300x265.jpg 300w, https:\/\/zeenas.de\/wordpress\/wp-content\/uploads\/2026\/03\/Setapura-768x679.jpg 768w\" sizes=\"auto, (max-width: 910px) 100vw, 910px\" \/><\/figure>\n\n\n\n<p>Doppelf\u00e4dig verstrickt mit Nadeln in der St\u00e4rke f\u00fcnf Millimeter kommt man auch schnell voran. Sehr gespannt bin ich auf den Tragekomfort, denn die Jacke wird klassisch aus Vorderteilen, R\u00fcckenteil und \u00c4rmeln gestrickt, die dann zusammen gen\u00e4ht werden. Letztens las ich von einer anderen Strickerin, dass sie diese Form des Strickens bevorzugen w\u00fcrde, denn die Kleidung h\u00e4tte dann einfach eine bessere Passform und w\u00fcrde durch die stabilisierenden N\u00e4hte auch ihre Form besser behalten. Ich fand das Argument durchaus nachvollziehbar. <\/p>\n\n\n\n<figure class=\"wp-block-image size-large\"><img loading=\"lazy\" decoding=\"async\" width=\"1024\" height=\"1024\" src=\"https:\/\/zeenas.de\/wordpress\/wp-content\/uploads\/2026\/03\/1000288477-1024x1024.jpg\" alt=\"\" class=\"wp-image-259\" srcset=\"https:\/\/zeenas.de\/wordpress\/wp-content\/uploads\/2026\/03\/1000288477-1024x1024.jpg 1024w, https:\/\/zeenas.de\/wordpress\/wp-content\/uploads\/2026\/03\/1000288477-300x300.jpg 300w, https:\/\/zeenas.de\/wordpress\/wp-content\/uploads\/2026\/03\/1000288477-150x150.jpg 150w, https:\/\/zeenas.de\/wordpress\/wp-content\/uploads\/2026\/03\/1000288477-768x768.jpg 768w, https:\/\/zeenas.de\/wordpress\/wp-content\/uploads\/2026\/03\/1000288477-1536x1536.jpg 1536w, https:\/\/zeenas.de\/wordpress\/wp-content\/uploads\/2026\/03\/1000288477-2048x2048.jpg 2048w\" sizes=\"auto, (max-width: 1024px) 100vw, 1024px\" \/><\/figure>\n\n\n\n<p>Der reelle Farbton liegt irgendwo zwischen der Farbe des Bildes von dem Kn\u00e4uel und der Farbe des Gestrickten.<\/p>\n\n\n\n<p>Spa\u00dfeshalber habe ich die KI ein Bild basierend auf diesem Beitrag erstellen lassen, das ist das Ergebnis:<\/p>\n\n\n\n<figure class=\"wp-block-image size-full\"><img loading=\"lazy\" decoding=\"async\" width=\"1024\" height=\"768\" src=\"https:\/\/zeenas.de\/wordpress\/wp-content\/uploads\/2026\/03\/KI-2747.png\" alt=\"\" class=\"wp-image-262\" srcset=\"https:\/\/zeenas.de\/wordpress\/wp-content\/uploads\/2026\/03\/KI-2747.png 1024w, https:\/\/zeenas.de\/wordpress\/wp-content\/uploads\/2026\/03\/KI-2747-300x225.png 300w, https:\/\/zeenas.de\/wordpress\/wp-content\/uploads\/2026\/03\/KI-2747-768x576.png 768w\" sizes=\"auto, (max-width: 1024px) 100vw, 1024px\" \/><\/figure>\n\n\n\n<p><\/p>\n","protected":false},"excerpt":{"rendered":"<p>Das Fr\u00fchjahr kommt unaufh\u00f6rlich n\u00e4her, also wird es h\u00f6chste Zeit, mit einem Fr\u00fchlings-Sommer-J\u00e4ckchen zu beginnen. Auf dem Plan habe ich es bereits seit letztem Jahr &#8211; es soll die Jacke 41 Setapura von Lana Grossa werden. Ich stricke sie aus dem Originalgarn Setapura, ein Garn aus reiner Seide mit einer tollen Haptik und einem matten [&hellip;]<\/p>\n","protected":false},"author":1,"featured_media":0,"comment_status":"open","ping_status":"open","sticky":false,"template":"","format":"standard","meta":{"_jetpack_memberships_contains_paid_content":false,"footnotes":""},"categories":[21],"tags":[84,55,15,82,83],"class_list":["post-255","post","type-post","status-publish","format-standard","hentry","category-gestrickt","tag-ki-generiertes-bild","tag-lana-grossa","tag-ravelry","tag-setapura","tag-strickjacke"],"jetpack_featured_media_url":"","jetpack_sharing_enabled":true,"_links":{"self":[{"href":"https:\/\/zeenas.de\/wordpress\/wp-json\/wp\/v2\/posts\/255","targetHints":{"allow":["GET"]}}],"collection":[{"href":"https:\/\/zeenas.de\/wordpress\/wp-json\/wp\/v2\/posts"}],"about":[{"href":"https:\/\/zeenas.de\/wordpress\/wp-json\/wp\/v2\/types\/post"}],"author":[{"embeddable":true,"href":"https:\/\/zeenas.de\/wordpress\/wp-json\/wp\/v2\/users\/1"}],"replies":[{"embeddable":true,"href":"https:\/\/zeenas.de\/wordpress\/wp-json\/wp\/v2\/comments?post=255"}],"version-history":[{"count":3,"href":"https:\/\/zeenas.de\/wordpress\/wp-json\/wp\/v2\/posts\/255\/revisions"}],"predecessor-version":[{"id":263,"href":"https:\/\/zeenas.de\/wordpress\/wp-json\/wp\/v2\/posts\/255\/revisions\/263"}],"wp:attachment":[{"href":"https:\/\/zeenas.de\/wordpress\/wp-json\/wp\/v2\/media?parent=255"}],"wp:term":[{"taxonomy":"category","embeddable":true,"href":"https:\/\/zeenas.de\/wordpress\/wp-json\/wp\/v2\/categories?post=255"},{"taxonomy":"post_tag","embeddable":true,"href":"https:\/\/zeenas.de\/wordpress\/wp-json\/wp\/v2\/tags?post=255"}],"curies":[{"name":"wp","href":"https:\/\/api.w.org\/{rel}","templated":true}]}}