{"id":372,"date":"2026-03-31T09:34:45","date_gmt":"2026-03-31T07:34:45","guid":{"rendered":"https:\/\/zeenas.de\/wordpress\/?p=372"},"modified":"2026-03-31T09:34:45","modified_gmt":"2026-03-31T07:34:45","slug":"2-740-wollefest-leipzig-ii","status":"publish","type":"post","link":"https:\/\/zeenas.de\/wordpress\/2026\/03\/31\/2-740-wollefest-leipzig-ii\/","title":{"rendered":"2.740 &#8211; Wollefest Leipzig II"},"content":{"rendered":"\n<p>Bereits <a href=\"https:\/\/zeenas.de\/wordpress\/2026\/03\/30\/2-741-wollefest-leipzig\/\">gestern<\/a> habe ich erste Einblicke unseres Besuchs des Wollefests Leipzig gegeben. Heute nehme ich euch nun mit auf den weiteren Rundgang.<\/p>\n\n\n\n<p>Der Stand von <a href=\"http:\/\/www.screamingcolours.de\/\">Screaming Colours<\/a> war so belagert, dass keine sch\u00f6nen Fotos entstanden sind. Ich lasse euch aber die anderen Fotos ansehen, dann bekommt ihr vielleicht ein Gef\u00fchl daf\u00fcr, wie voll es am Samstag war:<\/p>\n\n\n\n<figure class=\"wp-block-gallery has-nested-images columns-default is-cropped wp-block-gallery-1 is-layout-flex wp-block-gallery-is-layout-flex\">\n<figure class=\"wp-block-image size-large\"><img loading=\"lazy\" decoding=\"async\" width=\"1024\" height=\"768\" data-id=\"373\" src=\"https:\/\/zeenas.de\/wordpress\/wp-content\/uploads\/2026\/03\/ScreamingColours-1024x768.jpg\" alt=\"\" class=\"wp-image-373\" srcset=\"https:\/\/zeenas.de\/wordpress\/wp-content\/uploads\/2026\/03\/ScreamingColours-1024x768.jpg 1024w, https:\/\/zeenas.de\/wordpress\/wp-content\/uploads\/2026\/03\/ScreamingColours-300x225.jpg 300w, https:\/\/zeenas.de\/wordpress\/wp-content\/uploads\/2026\/03\/ScreamingColours-768x576.jpg 768w, https:\/\/zeenas.de\/wordpress\/wp-content\/uploads\/2026\/03\/ScreamingColours.jpg 1170w\" sizes=\"auto, (max-width: 1024px) 100vw, 1024px\" \/><\/figure>\n\n\n\n<figure class=\"wp-block-image size-large\"><img loading=\"lazy\" decoding=\"async\" width=\"1024\" height=\"768\" data-id=\"374\" src=\"https:\/\/zeenas.de\/wordpress\/wp-content\/uploads\/2026\/03\/ScreamingColours1-1024x768.jpg\" alt=\"\" class=\"wp-image-374\" srcset=\"https:\/\/zeenas.de\/wordpress\/wp-content\/uploads\/2026\/03\/ScreamingColours1-1024x768.jpg 1024w, https:\/\/zeenas.de\/wordpress\/wp-content\/uploads\/2026\/03\/ScreamingColours1-300x225.jpg 300w, https:\/\/zeenas.de\/wordpress\/wp-content\/uploads\/2026\/03\/ScreamingColours1-768x576.jpg 768w, https:\/\/zeenas.de\/wordpress\/wp-content\/uploads\/2026\/03\/ScreamingColours1.jpg 1170w\" sizes=\"auto, (max-width: 1024px) 100vw, 1024px\" \/><\/figure>\n<\/figure>\n\n\n\n<p>Ich habe dort das Beilaufgarn &#8222;Make it Rainbow&#8220; von Rico Desgin gesehen und \u00fcberlege noch, ob es sich als Beilaufgarn f\u00fcr ein Sommershirt eignet, das ich in Gedanken schon auf den Nadeln habe. <\/p>\n\n\n\n<figure class=\"wp-block-image size-large\"><img loading=\"lazy\" decoding=\"async\" width=\"1024\" height=\"768\" src=\"https:\/\/zeenas.de\/wordpress\/wp-content\/uploads\/2026\/03\/Make-it-rainbow-1024x768.jpg\" alt=\"\" class=\"wp-image-375\" srcset=\"https:\/\/zeenas.de\/wordpress\/wp-content\/uploads\/2026\/03\/Make-it-rainbow-1024x768.jpg 1024w, https:\/\/zeenas.de\/wordpress\/wp-content\/uploads\/2026\/03\/Make-it-rainbow-300x225.jpg 300w, https:\/\/zeenas.de\/wordpress\/wp-content\/uploads\/2026\/03\/Make-it-rainbow-768x576.jpg 768w, https:\/\/zeenas.de\/wordpress\/wp-content\/uploads\/2026\/03\/Make-it-rainbow.jpg 1170w\" sizes=\"auto, (max-width: 1024px) 100vw, 1024px\" \/><\/figure>\n\n\n\n<p>Beim Stand von <a href=\"https:\/\/www.wolletroll.de\/\">Wolletroll<\/a> k\u00f6nnt ihr sehen, dass es auch St\u00e4nde mit einer breiten Pallette des Angebots gibt, hier findet man Industriewolle von Opal, gewickelte Bobbel und auch handgef\u00e4rbte Str\u00e4nge.<\/p>\n\n\n\n<figure class=\"wp-block-image size-large\"><img loading=\"lazy\" decoding=\"async\" width=\"1024\" height=\"768\" src=\"https:\/\/zeenas.de\/wordpress\/wp-content\/uploads\/2026\/03\/Wolletroll-1024x768.jpg\" alt=\"\" class=\"wp-image-376\" srcset=\"https:\/\/zeenas.de\/wordpress\/wp-content\/uploads\/2026\/03\/Wolletroll-1024x768.jpg 1024w, https:\/\/zeenas.de\/wordpress\/wp-content\/uploads\/2026\/03\/Wolletroll-300x225.jpg 300w, https:\/\/zeenas.de\/wordpress\/wp-content\/uploads\/2026\/03\/Wolletroll-768x576.jpg 768w, https:\/\/zeenas.de\/wordpress\/wp-content\/uploads\/2026\/03\/Wolletroll.jpg 1170w\" sizes=\"auto, (max-width: 1024px) 100vw, 1024px\" \/><\/figure>\n\n\n\n<p>Beim <a href=\"https:\/\/atelierkuschelzeit.de\/\">Atelier Kuschelzeit<\/a> herrschen gedeckte Farben vor:<\/p>\n\n\n\n<figure class=\"wp-block-image size-large\"><img loading=\"lazy\" decoding=\"async\" width=\"1024\" height=\"768\" src=\"https:\/\/zeenas.de\/wordpress\/wp-content\/uploads\/2026\/03\/Atelier-Kuschelzeit-1024x768.jpg\" alt=\"\" class=\"wp-image-378\" srcset=\"https:\/\/zeenas.de\/wordpress\/wp-content\/uploads\/2026\/03\/Atelier-Kuschelzeit-1024x768.jpg 1024w, https:\/\/zeenas.de\/wordpress\/wp-content\/uploads\/2026\/03\/Atelier-Kuschelzeit-300x225.jpg 300w, https:\/\/zeenas.de\/wordpress\/wp-content\/uploads\/2026\/03\/Atelier-Kuschelzeit-768x576.jpg 768w, https:\/\/zeenas.de\/wordpress\/wp-content\/uploads\/2026\/03\/Atelier-Kuschelzeit.jpg 1170w\" sizes=\"auto, (max-width: 1024px) 100vw, 1024px\" \/><\/figure>\n\n\n\n<p>Alles rund um Alpakas und ihre Wolle konnte man beim Stand der <a href=\"https:\/\/www.alpacas.de\/\">Wollwerkstatt Sachsen Alpakas<\/a> erfahren &#8211; und nat\u00fcrlich auch Wolle kaufen! <\/p>\n\n\n\n<figure class=\"wp-block-image size-large\"><img loading=\"lazy\" decoding=\"async\" width=\"1024\" height=\"768\" src=\"https:\/\/zeenas.de\/wordpress\/wp-content\/uploads\/2026\/03\/Sachsenalpakas-1024x768.jpg\" alt=\"\" class=\"wp-image-379\" srcset=\"https:\/\/zeenas.de\/wordpress\/wp-content\/uploads\/2026\/03\/Sachsenalpakas-1024x768.jpg 1024w, https:\/\/zeenas.de\/wordpress\/wp-content\/uploads\/2026\/03\/Sachsenalpakas-300x225.jpg 300w, https:\/\/zeenas.de\/wordpress\/wp-content\/uploads\/2026\/03\/Sachsenalpakas-768x576.jpg 768w, https:\/\/zeenas.de\/wordpress\/wp-content\/uploads\/2026\/03\/Sachsenalpakas.jpg 1170w\" sizes=\"auto, (max-width: 1024px) 100vw, 1024px\" \/><\/figure>\n\n\n\n<p>Ganz urspr\u00fcnglich und bodenst\u00e4ndig sind die Produkte des <a href=\"https:\/\/www.rhoenhof-lebensart.de\/\">Rh\u00f6nhof Lebensart<\/a>:<\/p>\n\n\n\n<figure class=\"wp-block-image size-large\"><img loading=\"lazy\" decoding=\"async\" width=\"1024\" height=\"768\" src=\"https:\/\/zeenas.de\/wordpress\/wp-content\/uploads\/2026\/03\/Rhoenhof-Lebensart-1024x768.jpg\" alt=\"\" class=\"wp-image-380\" srcset=\"https:\/\/zeenas.de\/wordpress\/wp-content\/uploads\/2026\/03\/Rhoenhof-Lebensart-1024x768.jpg 1024w, https:\/\/zeenas.de\/wordpress\/wp-content\/uploads\/2026\/03\/Rhoenhof-Lebensart-300x225.jpg 300w, https:\/\/zeenas.de\/wordpress\/wp-content\/uploads\/2026\/03\/Rhoenhof-Lebensart-768x576.jpg 768w, https:\/\/zeenas.de\/wordpress\/wp-content\/uploads\/2026\/03\/Rhoenhof-Lebensart.jpg 1170w\" sizes=\"auto, (max-width: 1024px) 100vw, 1024px\" \/><\/figure>\n\n\n\n<p>Abelknit-Wolle, ein Label ohne eigene Homepage, ist dann farblich eher an der anderen Seite des Farbuniversums angesiedelt:<\/p>\n\n\n\n<figure class=\"wp-block-image size-large\"><img loading=\"lazy\" decoding=\"async\" width=\"1024\" height=\"768\" src=\"https:\/\/zeenas.de\/wordpress\/wp-content\/uploads\/2026\/03\/abel-knit-1024x768.jpg\" alt=\"\" class=\"wp-image-381\" srcset=\"https:\/\/zeenas.de\/wordpress\/wp-content\/uploads\/2026\/03\/abel-knit-1024x768.jpg 1024w, https:\/\/zeenas.de\/wordpress\/wp-content\/uploads\/2026\/03\/abel-knit-300x225.jpg 300w, https:\/\/zeenas.de\/wordpress\/wp-content\/uploads\/2026\/03\/abel-knit-768x576.jpg 768w, https:\/\/zeenas.de\/wordpress\/wp-content\/uploads\/2026\/03\/abel-knit.jpg 1170w\" sizes=\"auto, (max-width: 1024px) 100vw, 1024px\" \/><\/figure>\n\n\n\n<p>Der Blick wird aber auch noch von solchen ausgestellten Pretiosen abgelenkt:<\/p>\n\n\n\n<figure class=\"wp-block-image size-large\"><img loading=\"lazy\" decoding=\"async\" width=\"1024\" height=\"768\" src=\"https:\/\/zeenas.de\/wordpress\/wp-content\/uploads\/2026\/03\/Tuch-1024x768.jpg\" alt=\"\" class=\"wp-image-382\" srcset=\"https:\/\/zeenas.de\/wordpress\/wp-content\/uploads\/2026\/03\/Tuch-1024x768.jpg 1024w, https:\/\/zeenas.de\/wordpress\/wp-content\/uploads\/2026\/03\/Tuch-300x225.jpg 300w, https:\/\/zeenas.de\/wordpress\/wp-content\/uploads\/2026\/03\/Tuch-768x576.jpg 768w, https:\/\/zeenas.de\/wordpress\/wp-content\/uploads\/2026\/03\/Tuch.jpg 1170w\" sizes=\"auto, (max-width: 1024px) 100vw, 1024px\" \/><\/figure>\n\n\n\n<p>Auch <a href=\"https:\/\/www.papageien-wolle.de\/\">Papageien-Wolle<\/a> punktet mit viel Bunt. Ein besonderer Hingucker war der Pullover, den die Chefin trug, sowohl farblich, von der Zusammenstellung der Muster als auch von der Schnittkonstruktion her.<\/p>\n\n\n\n<figure class=\"wp-block-gallery has-nested-images columns-default is-cropped wp-block-gallery-2 is-layout-flex wp-block-gallery-is-layout-flex\">\n<figure class=\"wp-block-image size-large\"><img loading=\"lazy\" decoding=\"async\" width=\"1024\" height=\"768\" data-id=\"385\" src=\"https:\/\/zeenas.de\/wordpress\/wp-content\/uploads\/2026\/03\/Papageien-Wolle-1024x768.jpg\" alt=\"\" class=\"wp-image-385\" srcset=\"https:\/\/zeenas.de\/wordpress\/wp-content\/uploads\/2026\/03\/Papageien-Wolle-1024x768.jpg 1024w, https:\/\/zeenas.de\/wordpress\/wp-content\/uploads\/2026\/03\/Papageien-Wolle-300x225.jpg 300w, https:\/\/zeenas.de\/wordpress\/wp-content\/uploads\/2026\/03\/Papageien-Wolle-768x576.jpg 768w, https:\/\/zeenas.de\/wordpress\/wp-content\/uploads\/2026\/03\/Papageien-Wolle.jpg 1170w\" sizes=\"auto, (max-width: 1024px) 100vw, 1024px\" \/><\/figure>\n\n\n\n<figure class=\"wp-block-image size-large\"><img loading=\"lazy\" decoding=\"async\" width=\"658\" height=\"878\" data-id=\"384\" src=\"https:\/\/zeenas.de\/wordpress\/wp-content\/uploads\/2026\/03\/Papageien-Wolle1.jpg\" alt=\"\" class=\"wp-image-384\" srcset=\"https:\/\/zeenas.de\/wordpress\/wp-content\/uploads\/2026\/03\/Papageien-Wolle1.jpg 658w, https:\/\/zeenas.de\/wordpress\/wp-content\/uploads\/2026\/03\/Papageien-Wolle1-225x300.jpg 225w\" sizes=\"auto, (max-width: 658px) 100vw, 658px\" \/><\/figure>\n\n\n\n<figure class=\"wp-block-image size-large\"><img loading=\"lazy\" decoding=\"async\" width=\"658\" height=\"878\" data-id=\"383\" src=\"https:\/\/zeenas.de\/wordpress\/wp-content\/uploads\/2026\/03\/Papageien-Wolle2.jpg\" alt=\"\" class=\"wp-image-383\" srcset=\"https:\/\/zeenas.de\/wordpress\/wp-content\/uploads\/2026\/03\/Papageien-Wolle2.jpg 658w, https:\/\/zeenas.de\/wordpress\/wp-content\/uploads\/2026\/03\/Papageien-Wolle2-225x300.jpg 225w\" sizes=\"auto, (max-width: 658px) 100vw, 658px\" \/><\/figure>\n<\/figure>\n\n\n\n<p>Hiermit endet mein Bericht \u00fcber das Obergescho\u00df des Wollfest Leipzigs. Mit dem Erdgeschoss geht es \u00fcbermorgen weiter, denn morgen ist &#8222;<a href=\"https:\/\/memademittwoch.blogspot.com\/\">me-made-mittwoch<\/a>&#8220; und da werde ich mein <a href=\"https:\/\/www.ravelry.com\/projects\/Zeena1\/selinashirt\">Shirt<\/a> vom Teststrick f\u00fcr <a href=\"https:\/\/www.ravelry.com\/designers\/tanja-manz\">Tanja Manz<\/a> vorstellen.<\/p>\n\n\n\n<p><\/p>\n","protected":false},"excerpt":{"rendered":"<p>Bereits gestern habe ich erste Einblicke unseres Besuchs des Wollefests Leipzig gegeben. Heute nehme ich euch nun mit auf den weiteren Rundgang. Der Stand von Screaming Colours war so belagert, dass keine sch\u00f6nen Fotos entstanden sind. Ich lasse euch aber die anderen Fotos ansehen, dann bekommt ihr vielleicht ein Gef\u00fchl daf\u00fcr, wie voll es am [&hellip;]<\/p>\n","protected":false},"author":1,"featured_media":0,"comment_status":"open","ping_status":"open","sticky":false,"template":"","format":"standard","meta":{"_jetpack_memberships_contains_paid_content":false,"footnotes":""},"categories":[73,11],"tags":[111,108,104,105,112,15,110,106,109,103,24,25,89,107],"class_list":["post-372","post","type-post","status-publish","format-standard","hentry","category-handarbeitsveranstaltungen","category-me-made-mittwoch","tag-abel-knit","tag-atelier-kuschelzeit","tag-beilaufgarn","tag-make-it-rainbow","tag-papageien-wolle","tag-ravelry","tag-rhoendhof-lebensart","tag-rico-design","tag-sachsen-alpakas","tag-screaming-colours","tag-selinashirt","tag-tanja-manz","tag-wollefest-leipzig","tag-wolletroll"],"jetpack_featured_media_url":"","jetpack_sharing_enabled":true,"_links":{"self":[{"href":"https:\/\/zeenas.de\/wordpress\/wp-json\/wp\/v2\/posts\/372","targetHints":{"allow":["GET"]}}],"collection":[{"href":"https:\/\/zeenas.de\/wordpress\/wp-json\/wp\/v2\/posts"}],"about":[{"href":"https:\/\/zeenas.de\/wordpress\/wp-json\/wp\/v2\/types\/post"}],"author":[{"embeddable":true,"href":"https:\/\/zeenas.de\/wordpress\/wp-json\/wp\/v2\/users\/1"}],"replies":[{"embeddable":true,"href":"https:\/\/zeenas.de\/wordpress\/wp-json\/wp\/v2\/comments?post=372"}],"version-history":[{"count":3,"href":"https:\/\/zeenas.de\/wordpress\/wp-json\/wp\/v2\/posts\/372\/revisions"}],"predecessor-version":[{"id":387,"href":"https:\/\/zeenas.de\/wordpress\/wp-json\/wp\/v2\/posts\/372\/revisions\/387"}],"wp:attachment":[{"href":"https:\/\/zeenas.de\/wordpress\/wp-json\/wp\/v2\/media?parent=372"}],"wp:term":[{"taxonomy":"category","embeddable":true,"href":"https:\/\/zeenas.de\/wordpress\/wp-json\/wp\/v2\/categories?post=372"},{"taxonomy":"post_tag","embeddable":true,"href":"https:\/\/zeenas.de\/wordpress\/wp-json\/wp\/v2\/tags?post=372"}],"curies":[{"name":"wp","href":"https:\/\/api.w.org\/{rel}","templated":true}]}}