{"id":478,"date":"2026-04-19T12:11:23","date_gmt":"2026-04-19T10:11:23","guid":{"rendered":"https:\/\/zeenas.de\/wordpress\/?p=478"},"modified":"2026-04-25T16:05:24","modified_gmt":"2026-04-25T14:05:24","slug":"2-721-fjka2026-startschuss-ideensammlung","status":"publish","type":"post","link":"https:\/\/zeenas.de\/wordpress\/2026\/04\/19\/2-721-fjka2026-startschuss-ideensammlung\/","title":{"rendered":"2.721 &#8211; #FJKA2026 Startschuss &#038; Ideensammlung"},"content":{"rendered":"\n<p>FJKA steht f\u00fcr Fr\u00fchlingsj\u00e4ckchen-knit-along und wird von den Damen vom <a href=\"https:\/\/memademittwoch.blogspot.com\/\">Me-made-Mittwoch<\/a> organisiert. Vielen Dank daf\u00fcr auch von mir. <\/p>\n\n\n\n<p>Ich bin nicht zum ersten Mal dabei, bereits <a href=\"https:\/\/memademittwoch.blogspot.com\/search\/label\/FJKA2022\">2022<\/a> war ich vertreten, allerdings findet man meine alten Blogbeitr\u00e4ge nicht mehr, weil ich den Blog zwischendrin aufgegeben habe. Aber das Projekt ist noch in <a href=\"https:\/\/www.ravelry.com\/projects\/Zeena1\/twinkle-twinkle-3\">Ravelry<\/a> vorhanden, ich habe nach der Anleitung <a href=\"https:\/\/www.ravelry.com\/patterns\/library\/twinkle-twinkle-15\">Twinkle-Twinkle<\/a> <a href=\"https:\/\/www.ravelry.com\/designers\/julia-maria-hegenbart\">Feinmotorik<\/a> gestrickt. Auch ein Tragefoto kann ich vorweisen: <\/p>\n\n\n\n<figure class=\"wp-block-image size-full\"><img loading=\"lazy\" decoding=\"async\" width=\"878\" height=\"878\" src=\"https:\/\/zeenas.de\/wordpress\/wp-content\/uploads\/2026\/04\/IMG_20220612_230844_252.jpg\" alt=\"\" class=\"wp-image-481\" srcset=\"https:\/\/zeenas.de\/wordpress\/wp-content\/uploads\/2026\/04\/IMG_20220612_230844_252.jpg 878w, https:\/\/zeenas.de\/wordpress\/wp-content\/uploads\/2026\/04\/IMG_20220612_230844_252-300x300.jpg 300w, https:\/\/zeenas.de\/wordpress\/wp-content\/uploads\/2026\/04\/IMG_20220612_230844_252-150x150.jpg 150w, https:\/\/zeenas.de\/wordpress\/wp-content\/uploads\/2026\/04\/IMG_20220612_230844_252-768x768.jpg 768w\" sizes=\"auto, (max-width: 878px) 100vw, 878px\" \/><\/figure>\n\n\n\n<p>Die Kombi war sehr ausgefallen in ihrer Rosa-Lastigkeit, das ist auch der Grund daf\u00fcr, warum ich sie dann doch nie getragen habe. Inzwischen habe ich die Sachen verschenkt. Aber auch damals hatte ich schon die Idee, Garne, deren Menge nicht f\u00fcr ein ganzes Projekt reicht, durch geschicktes kombinieren doch noch verwenden zu k\u00f6nnen. <\/p>\n\n\n\n<p>So, ich schweife aber ab, jetzt soll es um das Jahr 2026 gehen. Hin und wieder mache ich Urlaub mit meiner Tochter und weil sie nicht gern strickt, h\u00e4keln wir eben. Der letzte Urlaub war im Februar, das zu <a href=\"https:\/\/www.ravelry.com\/projects\/Zeena1\/mehrfarbige-hakeljacke\">h\u00e4kelnde J\u00e4ckchen<\/a> ist noch nicht fertig, nur wenige Reihen am ersten \u00c4rmel sind seit Urlaubsende entstanden. Das ist ein gutes Projekt f\u00fcr das #FJKA2026. <\/p>\n\n\n\n<figure class=\"wp-block-image size-large\"><img decoding=\"async\" src=\"https:\/\/images4-g-cdn.ravelrycache.com\/uploads\/Zeena1\/1125096652\/20260218_121121_medium.jpg\" alt=\"\"\/><\/figure>\n\n\n\n<p>Und wenn ich mich ran halte, wird es auch bis zum Finale fertig. Allerdings habe ich es daheim liegen lassen, als meine Tochter und ich nun zum zweiten Urlaub dieses Jahres aufgebrochen sind. Wir haben aber bereits im Februar-Urlaub beschlossen, einen eigenen <a href=\"https:\/\/zeenas.de\/wordpress\/abkuerzungen\/\">CAL<\/a> zu starten. Entschieden haben wir uns f\u00fcr die Anleitung <a href=\"https:\/\/www.crazypatterns.net\/de\/items\/93377\/shirt-aus-dreiecken-haekelanleitung\">&#8222;Shirt aus Dreiecken&#8220; von Crazypatterns<\/a>. Als Material haben wir uns f\u00fcr <a href=\"https:\/\/hobbii.de\/products\/hp-1007710-twister-solid-xl?gtaid=Cj0KCQjw-pHPBhCdARIsAHXYWP-Z8fRtf8nqMMYIEltvRlA_wa5JGcaShwrrDt4M4BkiKCDeKYk8Q9waAodTEALw_wcB&amp;utm_source=google&amp;utm_medium=cpc&amp;utm_campaign=DE%20%7C%20P-Max%20%7C%20Brand%20%7C%20Returning%20%7C%20700TROAS&amp;gad_source=1&amp;gad_campaignid=23073164609&amp;gbraid=0AAAAADPQYL2XmKuf-IQIW0imeLCsLvN-2&amp;gclid=Cj0KCQjw-pHPBhCdARIsAHXYWP-Z8fRtf8nqMMYIEltvRlA_wa5JGcaShwrrDt4M4BkiKCDeKYk8Q9waAodTEALw_wcB\">Twister Solid XL von Hobbii<\/a> entschieden. Das Garn splei\u00dft sich zwar etwas beim H\u00e4keln, aber tun das nicht alle Baumwollgarne? Mit dem heutigen Tag habe ich es endlich in meinem <a href=\"https:\/\/www.ravelry.com\/people\/Zeena1\/stash\/twister-solid-xl\">Ravelry-Stash<\/a> eingepflegt und auch meine Seite &#8222;<a href=\"https:\/\/zeenas.de\/wordpress\/stashabbau\/\">Stashabbau<\/a>&#8220; aktualisiert. <\/p>\n\n\n\n<p>Frohen Mutes haben wir bereits begonnen, meine Tochter h\u00e4kelt genau nach Anleitung und mit rotem Garn &#8211; ich h\u00e4kele entgegen der Anleitung die Einzelteile bereits zusammen und aus blauem Garn. <\/p>\n\n\n\n<figure class=\"wp-block-gallery has-nested-images columns-default is-cropped wp-block-gallery-1 is-layout-flex wp-block-gallery-is-layout-flex\">\n<figure class=\"wp-block-image size-large\"><img loading=\"lazy\" decoding=\"async\" width=\"878\" height=\"878\" data-id=\"483\" src=\"https:\/\/zeenas.de\/wordpress\/wp-content\/uploads\/2026\/04\/20260418_103734.jpg\" alt=\"\" class=\"wp-image-483\" srcset=\"https:\/\/zeenas.de\/wordpress\/wp-content\/uploads\/2026\/04\/20260418_103734.jpg 878w, https:\/\/zeenas.de\/wordpress\/wp-content\/uploads\/2026\/04\/20260418_103734-300x300.jpg 300w, https:\/\/zeenas.de\/wordpress\/wp-content\/uploads\/2026\/04\/20260418_103734-150x150.jpg 150w, https:\/\/zeenas.de\/wordpress\/wp-content\/uploads\/2026\/04\/20260418_103734-768x768.jpg 768w\" sizes=\"auto, (max-width: 878px) 100vw, 878px\" \/><\/figure>\n<\/figure>\n\n\n\n<figure class=\"wp-block-gallery has-nested-images columns-default is-cropped wp-block-gallery-2 is-layout-flex wp-block-gallery-is-layout-flex\">\n<figure class=\"wp-block-image size-large\"><img loading=\"lazy\" decoding=\"async\" width=\"768\" height=\"1024\" data-id=\"486\" src=\"https:\/\/zeenas.de\/wordpress\/wp-content\/uploads\/2026\/04\/1000295700-768x1024.jpg\" alt=\"\" class=\"wp-image-486\" srcset=\"https:\/\/zeenas.de\/wordpress\/wp-content\/uploads\/2026\/04\/1000295700-768x1024.jpg 768w, https:\/\/zeenas.de\/wordpress\/wp-content\/uploads\/2026\/04\/1000295700-225x300.jpg 225w, https:\/\/zeenas.de\/wordpress\/wp-content\/uploads\/2026\/04\/1000295700-1152x1536.jpg 1152w, https:\/\/zeenas.de\/wordpress\/wp-content\/uploads\/2026\/04\/1000295700-1536x2048.jpg 1536w, https:\/\/zeenas.de\/wordpress\/wp-content\/uploads\/2026\/04\/1000295700-scaled.jpg 1920w\" sizes=\"auto, (max-width: 768px) 100vw, 768px\" \/><\/figure>\n\n\n\n<figure class=\"wp-block-image size-large\"><img loading=\"lazy\" decoding=\"async\" width=\"1024\" height=\"1024\" data-id=\"485\" src=\"https:\/\/zeenas.de\/wordpress\/wp-content\/uploads\/2026\/04\/1000295827-1024x1024.jpg\" alt=\"\" class=\"wp-image-485\" srcset=\"https:\/\/zeenas.de\/wordpress\/wp-content\/uploads\/2026\/04\/1000295827-1024x1024.jpg 1024w, https:\/\/zeenas.de\/wordpress\/wp-content\/uploads\/2026\/04\/1000295827-300x300.jpg 300w, https:\/\/zeenas.de\/wordpress\/wp-content\/uploads\/2026\/04\/1000295827-150x150.jpg 150w, https:\/\/zeenas.de\/wordpress\/wp-content\/uploads\/2026\/04\/1000295827-768x768.jpg 768w, https:\/\/zeenas.de\/wordpress\/wp-content\/uploads\/2026\/04\/1000295827-1536x1536.jpg 1536w, https:\/\/zeenas.de\/wordpress\/wp-content\/uploads\/2026\/04\/1000295827-2048x2048.jpg 2048w\" sizes=\"auto, (max-width: 1024px) 100vw, 1024px\" \/><\/figure>\n\n\n\n<figure class=\"wp-block-image size-large\"><img loading=\"lazy\" decoding=\"async\" width=\"768\" height=\"1024\" data-id=\"487\" src=\"https:\/\/zeenas.de\/wordpress\/wp-content\/uploads\/2026\/04\/1000295983-768x1024.jpg\" alt=\"\" class=\"wp-image-487\" srcset=\"https:\/\/zeenas.de\/wordpress\/wp-content\/uploads\/2026\/04\/1000295983-768x1024.jpg 768w, https:\/\/zeenas.de\/wordpress\/wp-content\/uploads\/2026\/04\/1000295983-225x300.jpg 225w, https:\/\/zeenas.de\/wordpress\/wp-content\/uploads\/2026\/04\/1000295983-1152x1536.jpg 1152w, https:\/\/zeenas.de\/wordpress\/wp-content\/uploads\/2026\/04\/1000295983-1536x2048.jpg 1536w, https:\/\/zeenas.de\/wordpress\/wp-content\/uploads\/2026\/04\/1000295983-scaled.jpg 1920w\" sizes=\"auto, (max-width: 768px) 100vw, 768px\" \/><\/figure>\n\n\n\n<figure class=\"wp-block-image size-large\"><img loading=\"lazy\" decoding=\"async\" width=\"1024\" height=\"768\" data-id=\"488\" src=\"https:\/\/zeenas.de\/wordpress\/wp-content\/uploads\/2026\/04\/1000295984-1024x768.jpg\" alt=\"\" class=\"wp-image-488\" srcset=\"https:\/\/zeenas.de\/wordpress\/wp-content\/uploads\/2026\/04\/1000295984-1024x768.jpg 1024w, https:\/\/zeenas.de\/wordpress\/wp-content\/uploads\/2026\/04\/1000295984-300x225.jpg 300w, https:\/\/zeenas.de\/wordpress\/wp-content\/uploads\/2026\/04\/1000295984-768x576.jpg 768w, https:\/\/zeenas.de\/wordpress\/wp-content\/uploads\/2026\/04\/1000295984-1536x1152.jpg 1536w, https:\/\/zeenas.de\/wordpress\/wp-content\/uploads\/2026\/04\/1000295984-2048x1536.jpg 2048w\" sizes=\"auto, (max-width: 1024px) 100vw, 1024px\" \/><\/figure>\n<\/figure>\n\n\n\n<p>Ich k\u00f6nnte aber nat\u00fcrlich auch alles dran setzen, das bereits begonnene <a href=\"https:\/\/zeenas.de\/wordpress\/2026\/03\/24\/2-747\/\">Strickj\u00e4ckchen<\/a> zu beenden. <\/p>\n\n\n\n<figure class=\"wp-block-image size-full\"><img loading=\"lazy\" decoding=\"async\" width=\"600\" height=\"800\" src=\"https:\/\/zeenas.de\/wordpress\/wp-content\/uploads\/2026\/03\/upload.jpg\" alt=\"\" class=\"wp-image-256\" srcset=\"https:\/\/zeenas.de\/wordpress\/wp-content\/uploads\/2026\/03\/upload.jpg 600w, https:\/\/zeenas.de\/wordpress\/wp-content\/uploads\/2026\/03\/upload-225x300.jpg 225w\" sizes=\"auto, (max-width: 600px) 100vw, 600px\" \/><\/figure>\n\n\n\n<p>Und nun gehen ich neugierig schauen, woran die anderen in diesem Fr\u00fchjahr stricken oder h\u00e4keln. <\/p>\n","protected":false},"excerpt":{"rendered":"<p>FJKA steht f\u00fcr Fr\u00fchlingsj\u00e4ckchen-knit-along und wird von den Damen vom Me-made-Mittwoch organisiert. Vielen Dank daf\u00fcr auch von mir. Ich bin nicht zum ersten Mal dabei, bereits 2022 war ich vertreten, allerdings findet man meine alten Blogbeitr\u00e4ge nicht mehr, weil ich den Blog zwischendrin aufgegeben habe. Aber das Projekt ist noch in Ravelry vorhanden, ich habe [&hellip;]<\/p>\n","protected":false},"author":1,"featured_media":544,"comment_status":"open","ping_status":"open","sticky":false,"template":"","format":"standard","meta":{"_jetpack_memberships_contains_paid_content":false,"footnotes":""},"categories":[41,21,11,10,6],"tags":[138,126,127,125,130,139,15,156,128,83,124,129],"class_list":["post-478","post","type-post","status-publish","format-standard","has-post-thumbnail","hentry","category-gehaekelt","category-gestrickt","category-me-made-mittwoch","category-selber-gemacht","category-wollvorrat-dezimieren","tag-fjka2022","tag-fjka2026","tag-crazypatterns","tag-feinmotorik","tag-hobbii","tag-jahr-2022","tag-ravelry","tag-shirt","tag-shirt-aus-dreiecken","tag-strickjacke","tag-twinkle-twinkle","tag-twister-solid-xl"],"jetpack_featured_media_url":"https:\/\/zeenas.de\/wordpress\/wp-content\/uploads\/2026\/04\/FJKA.jpg","jetpack_sharing_enabled":true,"_links":{"self":[{"href":"https:\/\/zeenas.de\/wordpress\/wp-json\/wp\/v2\/posts\/478","targetHints":{"allow":["GET"]}}],"collection":[{"href":"https:\/\/zeenas.de\/wordpress\/wp-json\/wp\/v2\/posts"}],"about":[{"href":"https:\/\/zeenas.de\/wordpress\/wp-json\/wp\/v2\/types\/post"}],"author":[{"embeddable":true,"href":"https:\/\/zeenas.de\/wordpress\/wp-json\/wp\/v2\/users\/1"}],"replies":[{"embeddable":true,"href":"https:\/\/zeenas.de\/wordpress\/wp-json\/wp\/v2\/comments?post=478"}],"version-history":[{"count":7,"href":"https:\/\/zeenas.de\/wordpress\/wp-json\/wp\/v2\/posts\/478\/revisions"}],"predecessor-version":[{"id":504,"href":"https:\/\/zeenas.de\/wordpress\/wp-json\/wp\/v2\/posts\/478\/revisions\/504"}],"wp:featuredmedia":[{"embeddable":true,"href":"https:\/\/zeenas.de\/wordpress\/wp-json\/wp\/v2\/media\/544"}],"wp:attachment":[{"href":"https:\/\/zeenas.de\/wordpress\/wp-json\/wp\/v2\/media?parent=478"}],"wp:term":[{"taxonomy":"category","embeddable":true,"href":"https:\/\/zeenas.de\/wordpress\/wp-json\/wp\/v2\/categories?post=478"},{"taxonomy":"post_tag","embeddable":true,"href":"https:\/\/zeenas.de\/wordpress\/wp-json\/wp\/v2\/tags?post=478"}],"curies":[{"name":"wp","href":"https:\/\/api.w.org\/{rel}","templated":true}]}}