{"id":517,"date":"2026-04-21T08:28:00","date_gmt":"2026-04-21T06:28:00","guid":{"rendered":"https:\/\/zeenas.de\/wordpress\/?p=517"},"modified":"2026-04-20T12:40:00","modified_gmt":"2026-04-20T10:40:00","slug":"2-719","status":"publish","type":"post","link":"https:\/\/zeenas.de\/wordpress\/2026\/04\/21\/2-719\/","title":{"rendered":"2.719"},"content":{"rendered":"\n<p><a href=\"https:\/\/zeenas.de\/wordpress\/2026\/04\/19\/2-721-fjka2026-startschuss-ideensammlung\/\">Vorgestern<\/a> habe ich \u00fcber den #FJKA2022 berichtet und geschrieben, dass ich das damals gestrickte J\u00e4ckchen nie anhatte. Gestern hat es mir dann in meine Fototimeline diese Fotos vom 20.04.2022 gesp\u00fclt und mich der L\u00fcge \u00fcberf\u00fchrt: <\/p>\n\n\n\n<figure class=\"wp-block-gallery has-nested-images columns-default is-cropped wp-block-gallery-1 is-layout-flex wp-block-gallery-is-layout-flex\">\n<figure class=\"wp-block-image size-large\"><img loading=\"lazy\" decoding=\"async\" width=\"768\" height=\"1024\" data-id=\"518\" src=\"https:\/\/zeenas.de\/wordpress\/wp-content\/uploads\/2026\/04\/20220420_091912-768x1024.jpg\" alt=\"\" class=\"wp-image-518\" srcset=\"https:\/\/zeenas.de\/wordpress\/wp-content\/uploads\/2026\/04\/20220420_091912-768x1024.jpg 768w, https:\/\/zeenas.de\/wordpress\/wp-content\/uploads\/2026\/04\/20220420_091912-225x300.jpg 225w, https:\/\/zeenas.de\/wordpress\/wp-content\/uploads\/2026\/04\/20220420_091912-1152x1536.jpg 1152w, https:\/\/zeenas.de\/wordpress\/wp-content\/uploads\/2026\/04\/20220420_091912-1536x2048.jpg 1536w, https:\/\/zeenas.de\/wordpress\/wp-content\/uploads\/2026\/04\/20220420_091912-scaled.jpg 1920w\" sizes=\"auto, (max-width: 768px) 100vw, 768px\" \/><\/figure>\n\n\n\n<figure class=\"wp-block-image size-large\"><img loading=\"lazy\" decoding=\"async\" width=\"768\" height=\"1024\" data-id=\"519\" src=\"https:\/\/zeenas.de\/wordpress\/wp-content\/uploads\/2026\/04\/20220420_113551-768x1024.jpg\" alt=\"\" class=\"wp-image-519\" srcset=\"https:\/\/zeenas.de\/wordpress\/wp-content\/uploads\/2026\/04\/20220420_113551-768x1024.jpg 768w, https:\/\/zeenas.de\/wordpress\/wp-content\/uploads\/2026\/04\/20220420_113551-225x300.jpg 225w, https:\/\/zeenas.de\/wordpress\/wp-content\/uploads\/2026\/04\/20220420_113551-1152x1536.jpg 1152w, https:\/\/zeenas.de\/wordpress\/wp-content\/uploads\/2026\/04\/20220420_113551-1536x2048.jpg 1536w, https:\/\/zeenas.de\/wordpress\/wp-content\/uploads\/2026\/04\/20220420_113551-scaled.jpg 1920w\" sizes=\"auto, (max-width: 768px) 100vw, 768px\" \/><\/figure>\n<\/figure>\n\n\n\n<p>Definitiv hatte ich die Jacke also mal im B\u00fcro an. Am Tag vorher habe ich noch die Kn\u00f6pfe versetzt, denn irgendwie waren die Streifen vorher nicht so sch\u00f6n aufeinandergetroffen:<\/p>\n\n\n\n<figure class=\"wp-block-image size-full\"><img loading=\"lazy\" decoding=\"async\" width=\"1920\" height=\"2560\" src=\"https:\/\/zeenas.de\/wordpress\/wp-content\/uploads\/2026\/04\/20220419_184033-scaled.jpg\" alt=\"\" class=\"wp-image-520\" srcset=\"https:\/\/zeenas.de\/wordpress\/wp-content\/uploads\/2026\/04\/20220419_184033-scaled.jpg 1920w, https:\/\/zeenas.de\/wordpress\/wp-content\/uploads\/2026\/04\/20220419_184033-225x300.jpg 225w, https:\/\/zeenas.de\/wordpress\/wp-content\/uploads\/2026\/04\/20220419_184033-768x1024.jpg 768w, https:\/\/zeenas.de\/wordpress\/wp-content\/uploads\/2026\/04\/20220419_184033-1152x1536.jpg 1152w, https:\/\/zeenas.de\/wordpress\/wp-content\/uploads\/2026\/04\/20220419_184033-1536x2048.jpg 1536w\" sizes=\"auto, (max-width: 1920px) 100vw, 1920px\" \/><\/figure>\n\n\n\n<p>Das zur Jacke auserkorene Kleid hat es aber nicht mit aufs Foto geschafft, es war im April 2022 einfach zu k\u00fchl daf\u00fcr. <\/p>\n","protected":false},"excerpt":{"rendered":"<p>Vorgestern habe ich \u00fcber den #FJKA2022 berichtet und geschrieben, dass ich das damals gestrickte J\u00e4ckchen nie anhatte. Gestern hat es mir dann in meine Fototimeline diese Fotos vom 20.04.2022 gesp\u00fclt und mich der L\u00fcge \u00fcberf\u00fchrt: Definitiv hatte ich die Jacke also mal im B\u00fcro an. Am Tag vorher habe ich noch die Kn\u00f6pfe versetzt, denn [&hellip;]<\/p>\n","protected":false},"author":1,"featured_media":0,"comment_status":"open","ping_status":"open","sticky":false,"template":"","format":"standard","meta":{"_jetpack_memberships_contains_paid_content":false,"footnotes":""},"categories":[21],"tags":[138,125,139,15,124],"class_list":["post-517","post","type-post","status-publish","format-standard","hentry","category-gestrickt","tag-fjka2022","tag-feinmotorik","tag-jahr-2022","tag-ravelry","tag-twinkle-twinkle"],"jetpack_featured_media_url":"","jetpack_sharing_enabled":true,"_links":{"self":[{"href":"https:\/\/zeenas.de\/wordpress\/wp-json\/wp\/v2\/posts\/517","targetHints":{"allow":["GET"]}}],"collection":[{"href":"https:\/\/zeenas.de\/wordpress\/wp-json\/wp\/v2\/posts"}],"about":[{"href":"https:\/\/zeenas.de\/wordpress\/wp-json\/wp\/v2\/types\/post"}],"author":[{"embeddable":true,"href":"https:\/\/zeenas.de\/wordpress\/wp-json\/wp\/v2\/users\/1"}],"replies":[{"embeddable":true,"href":"https:\/\/zeenas.de\/wordpress\/wp-json\/wp\/v2\/comments?post=517"}],"version-history":[{"count":1,"href":"https:\/\/zeenas.de\/wordpress\/wp-json\/wp\/v2\/posts\/517\/revisions"}],"predecessor-version":[{"id":521,"href":"https:\/\/zeenas.de\/wordpress\/wp-json\/wp\/v2\/posts\/517\/revisions\/521"}],"wp:attachment":[{"href":"https:\/\/zeenas.de\/wordpress\/wp-json\/wp\/v2\/media?parent=517"}],"wp:term":[{"taxonomy":"category","embeddable":true,"href":"https:\/\/zeenas.de\/wordpress\/wp-json\/wp\/v2\/categories?post=517"},{"taxonomy":"post_tag","embeddable":true,"href":"https:\/\/zeenas.de\/wordpress\/wp-json\/wp\/v2\/tags?post=517"}],"curies":[{"name":"wp","href":"https:\/\/api.w.org\/{rel}","templated":true}]}}